{"id":22149,"date":"2020-01-15T21:18:17","date_gmt":"2020-01-15T20:18:17","guid":{"rendered":"https:\/\/savinol.sg-host.com\/webdesign\/via-da-facebook-per-quale-ragione\/"},"modified":"2020-01-15T21:18:17","modified_gmt":"2020-01-15T20:18:17","slug":"via-da-facebook-per-quale-ragione","status":"publish","type":"post","link":"https:\/\/www.nycwebdesign.eu\/webdesign\/via-da-facebook-per-quale-ragione\/","title":{"rendered":"Via da Facebook: per quale ragione?"},"content":{"rendered":"<p> <br \/>\n<\/p>\n<div>\n<p>Non si pu\u00f2 dire che per <strong>Facebook<\/strong>, la piattaforma di social networking pi\u00f9 diffusa al mondo, il dicembre del 2019 non abbia rappresentato un momento di grande entusiasmo. Cos\u00ec come conferma <a href=\"https:\/\/theconversation.com\/why-people-leave-facebook-and-what-it-tells-us-about-the-future-of-social-media-128952\" title=\"Perch&#xE9; le persone lasciano Facebook\" rel=\"nofollow\">The Conversation<\/a>, nel corso della pausa natalizia il gruppo ha raggiunto un importante record storico: quello dei <strong>2.45 miliardi di utenti attivi<\/strong>.<code\/><\/p>\n<p>Un dato non da poco, considerando come la cifra equivalga al 32% della popolazione mondiale, anche se nel calcolo non vengono tenuti in considerazione doppi account e altri elementi di possibile distorsione. Eppure, nonostante questo risultato, sembra crescere il numero delle persone che decide di <strong>abbandonare il social<\/strong> di Mark Zuckerberg: per quale ragione?<\/p>\n<p>Sempre The Conversation sottolinea come, nel corso dell&#8217;ultimo biennio, circa il <strong>9% degli utenti<\/strong> abbia deciso di cancellare il proprio profilo Facebook. Fra chi \u00e8 rimasto, ben il 35% afferma di ricorrere comunque meno frequentemente alla piattaforma, preferendo altri tipi di interazione.<\/p>\n<p>Per quale ragione il social network pi\u00f9 popolato inizia a perdere il suo smalto?<\/p>\n<h2>Addio a Facebook: perch\u00e9?<\/h2>\n<p>Non \u00e8 semplice stabilire perch\u00e9 certi utenti, seppur in un numero ancora relativamente ridotto, abbiano deciso di abbandonare <a href=\"https:\/\/www.html.it\/10\/01\/2020\/facebook-non-limitera-ladvertising-elettorale\/\">Facebook<\/a>. Negli ultimi mesi sono state condotte diverse survey a questo scopo, sebbene nessuna sia giunta a dei risultati perfettamente conclusivi. <\/p>\n<p>In linea generale si pu\u00f2 per\u00f2 distinguere tra due grandi gruppi di motivazioni: quello <strong>generazionale<\/strong> e quello dovuto a un <strong>crescente<\/strong> disagio nell&#8217;usare la piattaforma.<\/p>\n<p>Sul fronte generazionale, pi\u00f9 che un abbandono si tratta di un rifiuto. Le generazioni pi\u00f9 giovani, come quella dei <strong>Gen Z<\/strong> e la parte finale dei Millennials, preferiscono altre piattaforme. Dopo un boom di Snapchat e l&#8217;attuale crescita di <a href=\"https:\/\/www.html.it\/27\/09\/2019\/instagram-anche-in-italia-scompaiono-i-like\/\">Instagram<\/a> &#8211; social fotografico sempre di propriet\u00e0 di Mark Zuckerberg, votato dagli esperti come servizio dalla possibile maggiore crescita nei prossimi anni &#8211; i giovanissimi si stanno riversando in massa su TikTok. Da questi utenti, Facebook \u00e8 visto come vetusto, un luogo per adulti dove il rischio di incrociare persone a cui non si vuole dare accesso alla propria vita online &#8211; come i parenti &#8211; risulta eccessivamente alto. Nonostante Facebook abbia introdotto funzioni come le Storie, l&#8217;appeal rimane basso.<\/p>\n<p>\u00c8 per\u00f2 il fronte degli adulti, ovvero di coloro che probabilmente sono gi\u00e0 utenti Facebook, che potrebbe generare maggiore preoccupazione per la compagnia. The Conversation sottolinea un crescente disagio fra gli utilizzatori, soprattutto per il funzionamento tipico della piattaforma che, volente o nolente, porta le persone a <strong>estremizzare i contenuti<\/strong> e ad alimentare la <strong>polemica<\/strong>. <\/p>\n<p>Fra gli elementi che potrebbero contribuire alla fuga, si elencano:<\/p>\n<ul>\n<li><strong>Scandalo Cambridge Analytica<\/strong>: dopo le polemiche degli ultimi mesi, i rischi per la privacy e la profilazione di molti utenti a scopo politico e senza esplicito consenso, diversi hanno deciso di abbandonare la piattaforma;<\/li>\n<li><strong>Bufale e fake news<\/strong>: sempre pi\u00f9 utilizzatori vedono il problema delle bufale e delle fake news, spesso endemiche nel proprio feed, come irrisolvibile. Facebook ha avviato un servizio di fact checking, ma la proliferazione \u00e8 molto alta, complice anche la cattiva abitudine di moltissimi utenti di condividere senza prima verificare la veridicit\u00e0 delle fonti;<\/li>\n<li><strong>Stress e procrastinazione<\/strong>: sempre pi\u00f9 persone considerano l&#8217;interazione tipica di Facebook come stressante, poich\u00e9 non risulta difficile rimanere invischiati in polemiche anche indirette, inoltre lo strumento sarebbe percepito come responsabile di eccessiva procrastinazione, sia sul fronte personale che lavorativo;<\/li>\n<li><strong>Echo chamber<\/strong>: varie persone percepiscono Facebook non come una piattaforma di vero confronto, dove si pu\u00f2 approfittare della possibilit\u00e0 di scambiare opinioni anche opposte, bens\u00ec come un luogo dove esplodono le echo chamber: ovvero la moltiplicazione di idee uguali alle proprie, che acquisiscono solidit\u00e0 poich\u00e9 ripetute all&#8217;infinito da molte persone;<\/li>\n<li><strong>Privacy<\/strong>: alcuni utenti temono che l&#8217;uso eccessivo dei social possa profondamente minare la propria privacy, soprattutto in merito dell&#8217;utilizzo dei propri dati a scopo di tracciamento pubblicitario.<\/li>\n<\/ul>\n<\/div>\n<p><br \/>\n<br \/><a href=\"http:\/\/feedproxy.google.com\/~r\/htmlitedit\/~3\/UeAbnmCuPVI\/\">Source link <\/a><\/p>\n","protected":false},"excerpt":{"rendered":"<p>Non si pu\u00f2 dire che per Facebook, la piattaforma di social networking pi\u00f9 diffusa al mondo, il dicembre del 2019 non abbia rappresentato un momento di grande entusiasmo. Cos\u00ec come conferma The Conversation, nel corso della pausa natalizia il gruppo ha raggiunto un importante record storico: quello dei 2.45 miliardi di utenti attivi. Un dato&#8230;<\/p>\n","protected":false},"author":1,"featured_media":0,"comment_status":"closed","ping_status":"closed","sticky":false,"template":"","format":"standard","meta":{"_s2mail":""},"categories":[37],"tags":[],"acf":[],"yoast_head":"<!-- This site is optimized with the Yoast SEO plugin v19.13 - https:\/\/yoast.com\/wordpress\/plugins\/seo\/ -->\n<title>Via da Facebook: per quale ragione? - AGENZIA WEB Italia<\/title>\n<meta name=\"robots\" content=\"index, follow, max-snippet:-1, max-image-preview:large, max-video-preview:-1\" \/>\n<link rel=\"canonical\" href=\"https:\/\/www.nycwebdesign.eu\/webdesign\/via-da-facebook-per-quale-ragione\/\" \/>\n<meta property=\"og:locale\" content=\"it_IT\" \/>\n<meta property=\"og:type\" content=\"article\" \/>\n<meta property=\"og:title\" content=\"Via da Facebook: per quale ragione? - AGENZIA WEB Italia\" \/>\n<meta property=\"og:description\" content=\"Non si pu\u00f2 dire che per Facebook, la piattaforma di social networking pi\u00f9 diffusa al mondo, il dicembre del 2019 non abbia rappresentato un momento di grande entusiasmo. Cos\u00ec come conferma The Conversation, nel corso della pausa natalizia il gruppo ha raggiunto un importante record storico: quello dei 2.45 miliardi di utenti attivi. Un dato...\" \/>\n<meta property=\"og:url\" content=\"https:\/\/www.nycwebdesign.eu\/webdesign\/via-da-facebook-per-quale-ragione\/\" \/>\n<meta property=\"og:site_name\" content=\"AGENZIA WEB Italia\" \/>\n<meta property=\"article:published_time\" content=\"2020-01-15T20:18:17+00:00\" \/>\n<meta name=\"author\" content=\"admin\" \/>\n<meta name=\"twitter:card\" content=\"summary_large_image\" \/>\n<meta name=\"twitter:label1\" content=\"Scritto da\" \/>\n\t<meta name=\"twitter:data1\" content=\"admin\" \/>\n\t<meta name=\"twitter:label2\" content=\"Tempo di lettura stimato\" \/>\n\t<meta name=\"twitter:data2\" content=\"3 minuti\" \/>\n<script type=\"application\/ld+json\" class=\"yoast-schema-graph\">{\"@context\":\"https:\/\/schema.org\",\"@graph\":[{\"@type\":\"Article\",\"@id\":\"https:\/\/www.nycwebdesign.eu\/webdesign\/via-da-facebook-per-quale-ragione\/#article\",\"isPartOf\":{\"@id\":\"https:\/\/www.nycwebdesign.eu\/webdesign\/via-da-facebook-per-quale-ragione\/\"},\"author\":{\"name\":\"admin\",\"@id\":\"https:\/\/www.nycwebdesign.eu\/webdesign\/#\/schema\/person\/c0748e23499fac2fd73b79d1379fdf42\"},\"headline\":\"Via da Facebook: per quale ragione?\",\"datePublished\":\"2020-01-15T20:18:17+00:00\",\"dateModified\":\"2020-01-15T20:18:17+00:00\",\"mainEntityOfPage\":{\"@id\":\"https:\/\/www.nycwebdesign.eu\/webdesign\/via-da-facebook-per-quale-ragione\/\"},\"wordCount\":619,\"publisher\":{\"@id\":\"https:\/\/www.nycwebdesign.eu\/webdesign\/#organization\"},\"articleSection\":[\"News\"],\"inLanguage\":\"it-IT\"},{\"@type\":\"WebPage\",\"@id\":\"https:\/\/www.nycwebdesign.eu\/webdesign\/via-da-facebook-per-quale-ragione\/\",\"url\":\"https:\/\/www.nycwebdesign.eu\/webdesign\/via-da-facebook-per-quale-ragione\/\",\"name\":\"Via da Facebook: per quale ragione? - AGENZIA WEB Italia\",\"isPartOf\":{\"@id\":\"https:\/\/www.nycwebdesign.eu\/webdesign\/#website\"},\"datePublished\":\"2020-01-15T20:18:17+00:00\",\"dateModified\":\"2020-01-15T20:18:17+00:00\",\"breadcrumb\":{\"@id\":\"https:\/\/www.nycwebdesign.eu\/webdesign\/via-da-facebook-per-quale-ragione\/#breadcrumb\"},\"inLanguage\":\"it-IT\",\"potentialAction\":[{\"@type\":\"ReadAction\",\"target\":[\"https:\/\/www.nycwebdesign.eu\/webdesign\/via-da-facebook-per-quale-ragione\/\"]}]},{\"@type\":\"BreadcrumbList\",\"@id\":\"https:\/\/www.nycwebdesign.eu\/webdesign\/via-da-facebook-per-quale-ragione\/#breadcrumb\",\"itemListElement\":[{\"@type\":\"ListItem\",\"position\":1,\"name\":\"Home\",\"item\":\"https:\/\/www.nycwebdesign.eu\/webdesign\/\"},{\"@type\":\"ListItem\",\"position\":2,\"name\":\"Via da Facebook: per quale ragione?\"}]},{\"@type\":\"WebSite\",\"@id\":\"https:\/\/www.nycwebdesign.eu\/webdesign\/#website\",\"url\":\"https:\/\/www.nycwebdesign.eu\/webdesign\/\",\"name\":\"AGENZIA WEB Italia\",\"description\":\"Web design Web agency Italia\",\"publisher\":{\"@id\":\"https:\/\/www.nycwebdesign.eu\/webdesign\/#organization\"},\"potentialAction\":[{\"@type\":\"SearchAction\",\"target\":{\"@type\":\"EntryPoint\",\"urlTemplate\":\"https:\/\/www.nycwebdesign.eu\/webdesign\/?s={search_term_string}\"},\"query-input\":\"required name=search_term_string\"}],\"inLanguage\":\"it-IT\"},{\"@type\":\"Organization\",\"@id\":\"https:\/\/www.nycwebdesign.eu\/webdesign\/#organization\",\"name\":\"Multimedia Web\",\"url\":\"https:\/\/www.nycwebdesign.eu\/webdesign\/\",\"logo\":{\"@type\":\"ImageObject\",\"inLanguage\":\"it-IT\",\"@id\":\"https:\/\/www.nycwebdesign.eu\/webdesign\/#\/schema\/logo\/image\/\",\"url\":\"https:\/\/www.nycwebdesign.eu\/webdesign\/wp-content\/uploads\/2016\/05\/multimediaweb1.png\",\"contentUrl\":\"https:\/\/www.nycwebdesign.eu\/webdesign\/wp-content\/uploads\/2016\/05\/multimediaweb1.png\",\"width\":200,\"height\":57,\"caption\":\"Multimedia Web\"},\"image\":{\"@id\":\"https:\/\/www.nycwebdesign.eu\/webdesign\/#\/schema\/logo\/image\/\"}},{\"@type\":\"Person\",\"@id\":\"https:\/\/www.nycwebdesign.eu\/webdesign\/#\/schema\/person\/c0748e23499fac2fd73b79d1379fdf42\",\"name\":\"admin\",\"image\":{\"@type\":\"ImageObject\",\"inLanguage\":\"it-IT\",\"@id\":\"https:\/\/www.nycwebdesign.eu\/webdesign\/#\/schema\/person\/image\/\",\"url\":\"https:\/\/secure.gravatar.com\/avatar\/991cd68bbfd6f946517378a63fc3a1f7?s=96&d=mm&r=g\",\"contentUrl\":\"https:\/\/secure.gravatar.com\/avatar\/991cd68bbfd6f946517378a63fc3a1f7?s=96&d=mm&r=g\",\"caption\":\"admin\"}}]}<\/script>\n<!-- \/ Yoast SEO plugin. -->","yoast_head_json":{"title":"Via da Facebook: per quale ragione? - AGENZIA WEB Italia","robots":{"index":"index","follow":"follow","max-snippet":"max-snippet:-1","max-image-preview":"max-image-preview:large","max-video-preview":"max-video-preview:-1"},"canonical":"https:\/\/www.nycwebdesign.eu\/webdesign\/via-da-facebook-per-quale-ragione\/","og_locale":"it_IT","og_type":"article","og_title":"Via da Facebook: per quale ragione? - AGENZIA WEB Italia","og_description":"Non si pu\u00f2 dire che per Facebook, la piattaforma di social networking pi\u00f9 diffusa al mondo, il dicembre del 2019 non abbia rappresentato un momento di grande entusiasmo. Cos\u00ec come conferma The Conversation, nel corso della pausa natalizia il gruppo ha raggiunto un importante record storico: quello dei 2.45 miliardi di utenti attivi. Un dato...","og_url":"https:\/\/www.nycwebdesign.eu\/webdesign\/via-da-facebook-per-quale-ragione\/","og_site_name":"AGENZIA WEB Italia","article_published_time":"2020-01-15T20:18:17+00:00","author":"admin","twitter_card":"summary_large_image","twitter_misc":{"Scritto da":"admin","Tempo di lettura stimato":"3 minuti"},"schema":{"@context":"https:\/\/schema.org","@graph":[{"@type":"Article","@id":"https:\/\/www.nycwebdesign.eu\/webdesign\/via-da-facebook-per-quale-ragione\/#article","isPartOf":{"@id":"https:\/\/www.nycwebdesign.eu\/webdesign\/via-da-facebook-per-quale-ragione\/"},"author":{"name":"admin","@id":"https:\/\/www.nycwebdesign.eu\/webdesign\/#\/schema\/person\/c0748e23499fac2fd73b79d1379fdf42"},"headline":"Via da Facebook: per quale ragione?","datePublished":"2020-01-15T20:18:17+00:00","dateModified":"2020-01-15T20:18:17+00:00","mainEntityOfPage":{"@id":"https:\/\/www.nycwebdesign.eu\/webdesign\/via-da-facebook-per-quale-ragione\/"},"wordCount":619,"publisher":{"@id":"https:\/\/www.nycwebdesign.eu\/webdesign\/#organization"},"articleSection":["News"],"inLanguage":"it-IT"},{"@type":"WebPage","@id":"https:\/\/www.nycwebdesign.eu\/webdesign\/via-da-facebook-per-quale-ragione\/","url":"https:\/\/www.nycwebdesign.eu\/webdesign\/via-da-facebook-per-quale-ragione\/","name":"Via da Facebook: per quale ragione? - AGENZIA WEB Italia","isPartOf":{"@id":"https:\/\/www.nycwebdesign.eu\/webdesign\/#website"},"datePublished":"2020-01-15T20:18:17+00:00","dateModified":"2020-01-15T20:18:17+00:00","breadcrumb":{"@id":"https:\/\/www.nycwebdesign.eu\/webdesign\/via-da-facebook-per-quale-ragione\/#breadcrumb"},"inLanguage":"it-IT","potentialAction":[{"@type":"ReadAction","target":["https:\/\/www.nycwebdesign.eu\/webdesign\/via-da-facebook-per-quale-ragione\/"]}]},{"@type":"BreadcrumbList","@id":"https:\/\/www.nycwebdesign.eu\/webdesign\/via-da-facebook-per-quale-ragione\/#breadcrumb","itemListElement":[{"@type":"ListItem","position":1,"name":"Home","item":"https:\/\/www.nycwebdesign.eu\/webdesign\/"},{"@type":"ListItem","position":2,"name":"Via da Facebook: per quale ragione?"}]},{"@type":"WebSite","@id":"https:\/\/www.nycwebdesign.eu\/webdesign\/#website","url":"https:\/\/www.nycwebdesign.eu\/webdesign\/","name":"AGENZIA WEB Italia","description":"Web design Web agency Italia","publisher":{"@id":"https:\/\/www.nycwebdesign.eu\/webdesign\/#organization"},"potentialAction":[{"@type":"SearchAction","target":{"@type":"EntryPoint","urlTemplate":"https:\/\/www.nycwebdesign.eu\/webdesign\/?s={search_term_string}"},"query-input":"required name=search_term_string"}],"inLanguage":"it-IT"},{"@type":"Organization","@id":"https:\/\/www.nycwebdesign.eu\/webdesign\/#organization","name":"Multimedia Web","url":"https:\/\/www.nycwebdesign.eu\/webdesign\/","logo":{"@type":"ImageObject","inLanguage":"it-IT","@id":"https:\/\/www.nycwebdesign.eu\/webdesign\/#\/schema\/logo\/image\/","url":"https:\/\/www.nycwebdesign.eu\/webdesign\/wp-content\/uploads\/2016\/05\/multimediaweb1.png","contentUrl":"https:\/\/www.nycwebdesign.eu\/webdesign\/wp-content\/uploads\/2016\/05\/multimediaweb1.png","width":200,"height":57,"caption":"Multimedia Web"},"image":{"@id":"https:\/\/www.nycwebdesign.eu\/webdesign\/#\/schema\/logo\/image\/"}},{"@type":"Person","@id":"https:\/\/www.nycwebdesign.eu\/webdesign\/#\/schema\/person\/c0748e23499fac2fd73b79d1379fdf42","name":"admin","image":{"@type":"ImageObject","inLanguage":"it-IT","@id":"https:\/\/www.nycwebdesign.eu\/webdesign\/#\/schema\/person\/image\/","url":"https:\/\/secure.gravatar.com\/avatar\/991cd68bbfd6f946517378a63fc3a1f7?s=96&d=mm&r=g","contentUrl":"https:\/\/secure.gravatar.com\/avatar\/991cd68bbfd6f946517378a63fc3a1f7?s=96&d=mm&r=g","caption":"admin"}}]}},"_links":{"self":[{"href":"https:\/\/www.nycwebdesign.eu\/webdesign\/wp-json\/wp\/v2\/posts\/22149"}],"collection":[{"href":"https:\/\/www.nycwebdesign.eu\/webdesign\/wp-json\/wp\/v2\/posts"}],"about":[{"href":"https:\/\/www.nycwebdesign.eu\/webdesign\/wp-json\/wp\/v2\/types\/post"}],"author":[{"embeddable":true,"href":"https:\/\/www.nycwebdesign.eu\/webdesign\/wp-json\/wp\/v2\/users\/1"}],"replies":[{"embeddable":true,"href":"https:\/\/www.nycwebdesign.eu\/webdesign\/wp-json\/wp\/v2\/comments?post=22149"}],"version-history":[{"count":0,"href":"https:\/\/www.nycwebdesign.eu\/webdesign\/wp-json\/wp\/v2\/posts\/22149\/revisions"}],"wp:attachment":[{"href":"https:\/\/www.nycwebdesign.eu\/webdesign\/wp-json\/wp\/v2\/media?parent=22149"}],"wp:term":[{"taxonomy":"category","embeddable":true,"href":"https:\/\/www.nycwebdesign.eu\/webdesign\/wp-json\/wp\/v2\/categories?post=22149"},{"taxonomy":"post_tag","embeddable":true,"href":"https:\/\/www.nycwebdesign.eu\/webdesign\/wp-json\/wp\/v2\/tags?post=22149"}],"curies":[{"name":"wp","href":"https:\/\/api.w.org\/{rel}","templated":true}]}}