{"id":22443,"date":"2021-07-13T16:26:28","date_gmt":"2021-07-13T14:26:28","guid":{"rendered":"https:\/\/www.nycwebdesign.eu\/webdesign\/alt-1-il-15-luglio-a-torino-e-online-si-parla-di-accessibilita\/"},"modified":"2021-07-13T16:26:28","modified_gmt":"2021-07-13T14:26:28","slug":"alt-1-il-15-luglio-a-torino-e-online-si-parla-di-accessibilita","status":"publish","type":"post","link":"https:\/\/www.nycwebdesign.eu\/webdesign\/alt-1-il-15-luglio-a-torino-e-online-si-parla-di-accessibilita\/","title":{"rendered":"ALT-1: il 15 luglio a Torino (e online) si parla di accessibilit\u00e0"},"content":{"rendered":"<p> <br \/>\n<\/p>\n<div>\n<p><strong>ALT-1<\/strong> \u00e8 un evento dedicato al tema dell\u2019<strong>accessibilit\u00e0<\/strong> che si pone l\u2019obiettivo di creare una rete di esperti, aziende e associazioni al fine di attirare l\u2019attenzione su una questione ingiustamente marginalizzata da troppo tempo. Ad oggi infatti ben il 97% dei siti Web italiani non sarebbero navigabili da persone colpite da disabilit\u00e0 tra cui non vedenti, ipovedenti, non udenti, daltonici, inclini a convulsioni o utenti che non hanno la possibilit\u00e0 di utilizzare il mouse.<span id=\"more-404084\"\/><\/p>\n<p>Fino ad ora le questioni legate all\u2019accessibilit\u00e0 non sono mai state al centro del dibattito pubblico e ci\u00f2 \u00e8 accaduto nonostante una quota rilevante di popolazione sia esclusa del tutto o in parte da un aspetto ormai fondamentale della vita quotidiana. <\/p>\n<h2>Legge Stanca e Dichiarazione di accessibilit\u00e0<\/h2>\n<p>La cosiddetta <strong>Legge Stanca<\/strong> (n. 4 del 9 gennaio 2004) \u00e8 attualmente la normativa di riferimento per l\u2019accessibilit\u00e0 digitale nella Penisola. Per quanto riguarda le amministrazioni essa ha introdotto l\u2019obbligo di pubblicazione, entro il 23 settembre 2021, della <strong>Dichiarazione di accessibilit\u00e0<\/strong>. <\/p>\n<p>In essa le Pubbliche Amministrazioni dovranno indicare lo stato di conformit\u00e0 ai requisiti di accessibilit\u00e0 di ciascun sito Internet e applicazione mobile. Sulla base di circa 10 mila dichiarazioni presentate, ad oggi circa il 59% risulterebbero solo \u201cparzialmente conformi\u201d e il 5% del tutto \u201cnon conformi\u201d. Soltanto il 36% delle dichiarazioni indicherebbe il sito Web o l\u2019App come \u201cconforme\u201d. <\/p>\n<p>Considerando l\u2019importanza dei servizi della PA e il loro carattere non esclusivo si tratta di risultati sconfortanti e di percentuali che andrebbero poi a peggiorare notevolmente nei casi delle realt\u00e0 commerciali online.<\/p>\n<p>Una possibilit\u00e0 \u00e8 data per\u00f2 dalle pi\u00f9 recenti normative europee che vedono nel 2025 l\u2019anno di svolta verso una maggiore accessibilit\u00e0 delle piattaforme online.<\/p>\n<h2>ALT-1, il 15 luglio a Torino e online<\/h2>\n<p>In considerazione delle problematiche che ruotano intorno al tema, <a href=\"https:\/\/synesthesia.it\/\" target=\"_blank\" rel=\"nofollow noopener noreferrer\">Synesthesia<\/a>, digital experience company impegnata per l\u2019accessibilit\u00e0 del Web, e <a href=\"https:\/\/www.accessiway.com\/\" target=\"_blank\" rel=\"nofollow noopener noreferrer\">AccessiWay<\/a>, startup che propone per la prima volta in Italia una soluzione automatica per rendere Internet veramente accessibile, presentano l\u2019appuntamento ALT-1.<\/p>\n<p>L\u2019evento avr\u00e0 luogo il <strong>15 luglio<\/strong> presso il Talent Garden Fondazione Agnelli di Torino e sar\u00e0 trasmesso in live sul Web come <strong>evento digitale gratuito<\/strong>. Insieme ai moderatori Edoardo Arnello (Founder di AccessiWay) e Francesco Ronchi (CEO Synesthesia) saranno presenti Dajana Gioffr\u00e8 di \u201cApri Onlus Occhi Aperti\u201d e Arianna Ortelli di \u201cNovis Games\u201d e Fabiana Vernero, ricercatrice del dipartimento Informatica dell\u2019Universit\u00e0 degli Studi di Torino.<\/p>\n<p>Come sottolineato da Edoardo Arnello, CMO e founder di AccessiWay:<\/p>\n<blockquote>\n<p>L\u2019obiettivo di AccessiWay \u00e8 quello di rendere il Web completamente accessibile entro il 2025, ma per fare questo \u00e8 necessario raccogliere l\u2019esperienza di chi da sempre si impegna per raggiungere questo obiettivo, e chi, come noi, contribuisce a innovare e costruire il futuro dell\u2019accessibilit\u00e0.<\/p>\n<\/blockquote>\n<p>Il format dell\u2019evento, primo di una serie dedicata a varie tematiche, \u00e8 stato studiato per avvicinare e favorire l\u2019inclusione, come confermato da Francesco Ronchi, CEO di Synesthesia.<\/p>\n<p>Per partecipare da remoto all\u2019ALT-1 \u00e8 possibile fare riferimento a questo <a href=\"https:\/\/www.eventbrite.it\/e\/biglietti-alt-1-road-to-2025-il-futuro-dellaccessibilita-162429018567?aff=AW\" target=\"_blank\" rel=\"nofollow noopener noreferrer\">link<\/a>. La partecipazione \u00e8 gratuita previa registrazione.<\/p>\n<\/div>\n<p><br \/>\n<br \/><a href=\"http:\/\/feedproxy.google.com\/~r\/htmlitedit\/~3\/vGT8g8hEwKE\/\">Source link <\/a><\/p>\n","protected":false},"excerpt":{"rendered":"<p>ALT-1 \u00e8 un evento dedicato al tema dell\u2019accessibilit\u00e0 che si pone l\u2019obiettivo di creare una rete di esperti, aziende e associazioni al fine di attirare l\u2019attenzione su una questione ingiustamente marginalizzata da troppo tempo. Ad oggi infatti ben il 97% dei siti Web italiani non sarebbero navigabili da persone colpite da disabilit\u00e0 tra cui non&#8230;<\/p>\n","protected":false},"author":1,"featured_media":0,"comment_status":"closed","ping_status":"closed","sticky":false,"template":"","format":"standard","meta":{"_s2mail":""},"categories":[37],"tags":[],"acf":[],"yoast_head":"<!-- This site is optimized with the Yoast SEO plugin v19.13 - https:\/\/yoast.com\/wordpress\/plugins\/seo\/ -->\n<title>ALT-1: il 15 luglio a Torino (e online) si parla di accessibilit\u00e0 - AGENZIA WEB Italia<\/title>\n<meta name=\"robots\" content=\"index, follow, max-snippet:-1, max-image-preview:large, max-video-preview:-1\" \/>\n<link rel=\"canonical\" href=\"https:\/\/www.nycwebdesign.eu\/webdesign\/alt-1-il-15-luglio-a-torino-e-online-si-parla-di-accessibilita\/\" \/>\n<meta property=\"og:locale\" content=\"it_IT\" \/>\n<meta property=\"og:type\" content=\"article\" \/>\n<meta property=\"og:title\" content=\"ALT-1: il 15 luglio a Torino (e online) si parla di accessibilit\u00e0 - AGENZIA WEB Italia\" \/>\n<meta property=\"og:description\" content=\"ALT-1 \u00e8 un evento dedicato al tema dell\u2019accessibilit\u00e0 che si pone l\u2019obiettivo di creare una rete di esperti, aziende e associazioni al fine di attirare l\u2019attenzione su una questione ingiustamente marginalizzata da troppo tempo. Ad oggi infatti ben il 97% dei siti Web italiani non sarebbero navigabili da persone colpite da disabilit\u00e0 tra cui non...\" \/>\n<meta property=\"og:url\" content=\"https:\/\/www.nycwebdesign.eu\/webdesign\/alt-1-il-15-luglio-a-torino-e-online-si-parla-di-accessibilita\/\" \/>\n<meta property=\"og:site_name\" content=\"AGENZIA WEB Italia\" \/>\n<meta property=\"article:published_time\" content=\"2021-07-13T14:26:28+00:00\" \/>\n<meta name=\"author\" content=\"admin\" \/>\n<meta name=\"twitter:card\" content=\"summary_large_image\" \/>\n<meta name=\"twitter:label1\" content=\"Scritto da\" \/>\n\t<meta name=\"twitter:data1\" content=\"admin\" \/>\n\t<meta name=\"twitter:label2\" content=\"Tempo di lettura stimato\" \/>\n\t<meta name=\"twitter:data2\" content=\"2 minuti\" \/>\n<script type=\"application\/ld+json\" class=\"yoast-schema-graph\">{\"@context\":\"https:\/\/schema.org\",\"@graph\":[{\"@type\":\"Article\",\"@id\":\"https:\/\/www.nycwebdesign.eu\/webdesign\/alt-1-il-15-luglio-a-torino-e-online-si-parla-di-accessibilita\/#article\",\"isPartOf\":{\"@id\":\"https:\/\/www.nycwebdesign.eu\/webdesign\/alt-1-il-15-luglio-a-torino-e-online-si-parla-di-accessibilita\/\"},\"author\":{\"name\":\"admin\",\"@id\":\"https:\/\/www.nycwebdesign.eu\/webdesign\/#\/schema\/person\/c0748e23499fac2fd73b79d1379fdf42\"},\"headline\":\"ALT-1: il 15 luglio a Torino (e online) si parla di accessibilit\u00e0\",\"datePublished\":\"2021-07-13T14:26:28+00:00\",\"dateModified\":\"2021-07-13T14:26:28+00:00\",\"mainEntityOfPage\":{\"@id\":\"https:\/\/www.nycwebdesign.eu\/webdesign\/alt-1-il-15-luglio-a-torino-e-online-si-parla-di-accessibilita\/\"},\"wordCount\":500,\"publisher\":{\"@id\":\"https:\/\/www.nycwebdesign.eu\/webdesign\/#organization\"},\"articleSection\":[\"News\"],\"inLanguage\":\"it-IT\"},{\"@type\":\"WebPage\",\"@id\":\"https:\/\/www.nycwebdesign.eu\/webdesign\/alt-1-il-15-luglio-a-torino-e-online-si-parla-di-accessibilita\/\",\"url\":\"https:\/\/www.nycwebdesign.eu\/webdesign\/alt-1-il-15-luglio-a-torino-e-online-si-parla-di-accessibilita\/\",\"name\":\"ALT-1: il 15 luglio a Torino (e online) si parla di accessibilit\u00e0 - AGENZIA WEB Italia\",\"isPartOf\":{\"@id\":\"https:\/\/www.nycwebdesign.eu\/webdesign\/#website\"},\"datePublished\":\"2021-07-13T14:26:28+00:00\",\"dateModified\":\"2021-07-13T14:26:28+00:00\",\"breadcrumb\":{\"@id\":\"https:\/\/www.nycwebdesign.eu\/webdesign\/alt-1-il-15-luglio-a-torino-e-online-si-parla-di-accessibilita\/#breadcrumb\"},\"inLanguage\":\"it-IT\",\"potentialAction\":[{\"@type\":\"ReadAction\",\"target\":[\"https:\/\/www.nycwebdesign.eu\/webdesign\/alt-1-il-15-luglio-a-torino-e-online-si-parla-di-accessibilita\/\"]}]},{\"@type\":\"BreadcrumbList\",\"@id\":\"https:\/\/www.nycwebdesign.eu\/webdesign\/alt-1-il-15-luglio-a-torino-e-online-si-parla-di-accessibilita\/#breadcrumb\",\"itemListElement\":[{\"@type\":\"ListItem\",\"position\":1,\"name\":\"Home\",\"item\":\"https:\/\/www.nycwebdesign.eu\/webdesign\/\"},{\"@type\":\"ListItem\",\"position\":2,\"name\":\"ALT-1: il 15 luglio a Torino (e online) si parla di accessibilit\u00e0\"}]},{\"@type\":\"WebSite\",\"@id\":\"https:\/\/www.nycwebdesign.eu\/webdesign\/#website\",\"url\":\"https:\/\/www.nycwebdesign.eu\/webdesign\/\",\"name\":\"AGENZIA WEB Italia\",\"description\":\"Web design Web agency Italia\",\"publisher\":{\"@id\":\"https:\/\/www.nycwebdesign.eu\/webdesign\/#organization\"},\"potentialAction\":[{\"@type\":\"SearchAction\",\"target\":{\"@type\":\"EntryPoint\",\"urlTemplate\":\"https:\/\/www.nycwebdesign.eu\/webdesign\/?s={search_term_string}\"},\"query-input\":\"required name=search_term_string\"}],\"inLanguage\":\"it-IT\"},{\"@type\":\"Organization\",\"@id\":\"https:\/\/www.nycwebdesign.eu\/webdesign\/#organization\",\"name\":\"Multimedia Web\",\"url\":\"https:\/\/www.nycwebdesign.eu\/webdesign\/\",\"logo\":{\"@type\":\"ImageObject\",\"inLanguage\":\"it-IT\",\"@id\":\"https:\/\/www.nycwebdesign.eu\/webdesign\/#\/schema\/logo\/image\/\",\"url\":\"https:\/\/www.nycwebdesign.eu\/webdesign\/wp-content\/uploads\/2016\/05\/multimediaweb1.png\",\"contentUrl\":\"https:\/\/www.nycwebdesign.eu\/webdesign\/wp-content\/uploads\/2016\/05\/multimediaweb1.png\",\"width\":200,\"height\":57,\"caption\":\"Multimedia Web\"},\"image\":{\"@id\":\"https:\/\/www.nycwebdesign.eu\/webdesign\/#\/schema\/logo\/image\/\"}},{\"@type\":\"Person\",\"@id\":\"https:\/\/www.nycwebdesign.eu\/webdesign\/#\/schema\/person\/c0748e23499fac2fd73b79d1379fdf42\",\"name\":\"admin\",\"image\":{\"@type\":\"ImageObject\",\"inLanguage\":\"it-IT\",\"@id\":\"https:\/\/www.nycwebdesign.eu\/webdesign\/#\/schema\/person\/image\/\",\"url\":\"https:\/\/secure.gravatar.com\/avatar\/991cd68bbfd6f946517378a63fc3a1f7?s=96&d=mm&r=g\",\"contentUrl\":\"https:\/\/secure.gravatar.com\/avatar\/991cd68bbfd6f946517378a63fc3a1f7?s=96&d=mm&r=g\",\"caption\":\"admin\"}}]}<\/script>\n<!-- \/ Yoast SEO plugin. -->","yoast_head_json":{"title":"ALT-1: il 15 luglio a Torino (e online) si parla di accessibilit\u00e0 - AGENZIA WEB Italia","robots":{"index":"index","follow":"follow","max-snippet":"max-snippet:-1","max-image-preview":"max-image-preview:large","max-video-preview":"max-video-preview:-1"},"canonical":"https:\/\/www.nycwebdesign.eu\/webdesign\/alt-1-il-15-luglio-a-torino-e-online-si-parla-di-accessibilita\/","og_locale":"it_IT","og_type":"article","og_title":"ALT-1: il 15 luglio a Torino (e online) si parla di accessibilit\u00e0 - AGENZIA WEB Italia","og_description":"ALT-1 \u00e8 un evento dedicato al tema dell\u2019accessibilit\u00e0 che si pone l\u2019obiettivo di creare una rete di esperti, aziende e associazioni al fine di attirare l\u2019attenzione su una questione ingiustamente marginalizzata da troppo tempo. Ad oggi infatti ben il 97% dei siti Web italiani non sarebbero navigabili da persone colpite da disabilit\u00e0 tra cui non...","og_url":"https:\/\/www.nycwebdesign.eu\/webdesign\/alt-1-il-15-luglio-a-torino-e-online-si-parla-di-accessibilita\/","og_site_name":"AGENZIA WEB Italia","article_published_time":"2021-07-13T14:26:28+00:00","author":"admin","twitter_card":"summary_large_image","twitter_misc":{"Scritto da":"admin","Tempo di lettura stimato":"2 minuti"},"schema":{"@context":"https:\/\/schema.org","@graph":[{"@type":"Article","@id":"https:\/\/www.nycwebdesign.eu\/webdesign\/alt-1-il-15-luglio-a-torino-e-online-si-parla-di-accessibilita\/#article","isPartOf":{"@id":"https:\/\/www.nycwebdesign.eu\/webdesign\/alt-1-il-15-luglio-a-torino-e-online-si-parla-di-accessibilita\/"},"author":{"name":"admin","@id":"https:\/\/www.nycwebdesign.eu\/webdesign\/#\/schema\/person\/c0748e23499fac2fd73b79d1379fdf42"},"headline":"ALT-1: il 15 luglio a Torino (e online) si parla di accessibilit\u00e0","datePublished":"2021-07-13T14:26:28+00:00","dateModified":"2021-07-13T14:26:28+00:00","mainEntityOfPage":{"@id":"https:\/\/www.nycwebdesign.eu\/webdesign\/alt-1-il-15-luglio-a-torino-e-online-si-parla-di-accessibilita\/"},"wordCount":500,"publisher":{"@id":"https:\/\/www.nycwebdesign.eu\/webdesign\/#organization"},"articleSection":["News"],"inLanguage":"it-IT"},{"@type":"WebPage","@id":"https:\/\/www.nycwebdesign.eu\/webdesign\/alt-1-il-15-luglio-a-torino-e-online-si-parla-di-accessibilita\/","url":"https:\/\/www.nycwebdesign.eu\/webdesign\/alt-1-il-15-luglio-a-torino-e-online-si-parla-di-accessibilita\/","name":"ALT-1: il 15 luglio a Torino (e online) si parla di accessibilit\u00e0 - AGENZIA WEB Italia","isPartOf":{"@id":"https:\/\/www.nycwebdesign.eu\/webdesign\/#website"},"datePublished":"2021-07-13T14:26:28+00:00","dateModified":"2021-07-13T14:26:28+00:00","breadcrumb":{"@id":"https:\/\/www.nycwebdesign.eu\/webdesign\/alt-1-il-15-luglio-a-torino-e-online-si-parla-di-accessibilita\/#breadcrumb"},"inLanguage":"it-IT","potentialAction":[{"@type":"ReadAction","target":["https:\/\/www.nycwebdesign.eu\/webdesign\/alt-1-il-15-luglio-a-torino-e-online-si-parla-di-accessibilita\/"]}]},{"@type":"BreadcrumbList","@id":"https:\/\/www.nycwebdesign.eu\/webdesign\/alt-1-il-15-luglio-a-torino-e-online-si-parla-di-accessibilita\/#breadcrumb","itemListElement":[{"@type":"ListItem","position":1,"name":"Home","item":"https:\/\/www.nycwebdesign.eu\/webdesign\/"},{"@type":"ListItem","position":2,"name":"ALT-1: il 15 luglio a Torino (e online) si parla di accessibilit\u00e0"}]},{"@type":"WebSite","@id":"https:\/\/www.nycwebdesign.eu\/webdesign\/#website","url":"https:\/\/www.nycwebdesign.eu\/webdesign\/","name":"AGENZIA WEB Italia","description":"Web design Web agency Italia","publisher":{"@id":"https:\/\/www.nycwebdesign.eu\/webdesign\/#organization"},"potentialAction":[{"@type":"SearchAction","target":{"@type":"EntryPoint","urlTemplate":"https:\/\/www.nycwebdesign.eu\/webdesign\/?s={search_term_string}"},"query-input":"required name=search_term_string"}],"inLanguage":"it-IT"},{"@type":"Organization","@id":"https:\/\/www.nycwebdesign.eu\/webdesign\/#organization","name":"Multimedia Web","url":"https:\/\/www.nycwebdesign.eu\/webdesign\/","logo":{"@type":"ImageObject","inLanguage":"it-IT","@id":"https:\/\/www.nycwebdesign.eu\/webdesign\/#\/schema\/logo\/image\/","url":"https:\/\/www.nycwebdesign.eu\/webdesign\/wp-content\/uploads\/2016\/05\/multimediaweb1.png","contentUrl":"https:\/\/www.nycwebdesign.eu\/webdesign\/wp-content\/uploads\/2016\/05\/multimediaweb1.png","width":200,"height":57,"caption":"Multimedia Web"},"image":{"@id":"https:\/\/www.nycwebdesign.eu\/webdesign\/#\/schema\/logo\/image\/"}},{"@type":"Person","@id":"https:\/\/www.nycwebdesign.eu\/webdesign\/#\/schema\/person\/c0748e23499fac2fd73b79d1379fdf42","name":"admin","image":{"@type":"ImageObject","inLanguage":"it-IT","@id":"https:\/\/www.nycwebdesign.eu\/webdesign\/#\/schema\/person\/image\/","url":"https:\/\/secure.gravatar.com\/avatar\/991cd68bbfd6f946517378a63fc3a1f7?s=96&d=mm&r=g","contentUrl":"https:\/\/secure.gravatar.com\/avatar\/991cd68bbfd6f946517378a63fc3a1f7?s=96&d=mm&r=g","caption":"admin"}}]}},"_links":{"self":[{"href":"https:\/\/www.nycwebdesign.eu\/webdesign\/wp-json\/wp\/v2\/posts\/22443"}],"collection":[{"href":"https:\/\/www.nycwebdesign.eu\/webdesign\/wp-json\/wp\/v2\/posts"}],"about":[{"href":"https:\/\/www.nycwebdesign.eu\/webdesign\/wp-json\/wp\/v2\/types\/post"}],"author":[{"embeddable":true,"href":"https:\/\/www.nycwebdesign.eu\/webdesign\/wp-json\/wp\/v2\/users\/1"}],"replies":[{"embeddable":true,"href":"https:\/\/www.nycwebdesign.eu\/webdesign\/wp-json\/wp\/v2\/comments?post=22443"}],"version-history":[{"count":0,"href":"https:\/\/www.nycwebdesign.eu\/webdesign\/wp-json\/wp\/v2\/posts\/22443\/revisions"}],"wp:attachment":[{"href":"https:\/\/www.nycwebdesign.eu\/webdesign\/wp-json\/wp\/v2\/media?parent=22443"}],"wp:term":[{"taxonomy":"category","embeddable":true,"href":"https:\/\/www.nycwebdesign.eu\/webdesign\/wp-json\/wp\/v2\/categories?post=22443"},{"taxonomy":"post_tag","embeddable":true,"href":"https:\/\/www.nycwebdesign.eu\/webdesign\/wp-json\/wp\/v2\/tags?post=22443"}],"curies":[{"name":"wp","href":"https:\/\/api.w.org\/{rel}","templated":true}]}}